{"id":5931,"date":"2014-02-26T14:42:57","date_gmt":"2014-02-26T12:42:57","guid":{"rendered":"http:\/\/www.kalu-bremen.de\/?p=5931"},"modified":"2018-08-30T15:54:37","modified_gmt":"2018-08-30T13:54:37","slug":"luer-kropp-hof-bremen-hochtiedshuus","status":"publish","type":"post","link":"https:\/\/www.kalu-bremen.de\/?p=5931","title":{"rendered":"L\u00fcr-Kropp-Hof Bremen \/ Hochtiedshuus"},"content":{"rendered":"<p>Eine gerne gew\u00e4hlte Alternative \u00a0zum Standesamt in Bremen-Mitte stellt das Hochtiedshuus auf dem L\u00fcr-Kropp-Hof in Bremen Oberneuland dar. In idyllischer Landschaft gelegen, bietet dieser ehemalige Bauernhof ausreichend Platz auch f\u00fcr gr\u00f6\u00dfere Gesellschaften zur Trauung oder anderen Feiern. Einer alten Tradition folgend, wird hier die Trauung mit einem Klaren besiegelt.\u00a0Der kleine angrenzende Park l\u00e4dt zum Sektempfang oder zu Hochzeitfotos ein &#8211; bei hoffentlich sch\u00f6nem Wetter!<\/p>\n<p>Folgend einige Impressionen vom Meta-R\u00f6diger-Hochtiedshuus&#8230;<\/p>\n<p>&nbsp;<\/p>\n<p><img loading=\"lazy\" decoding=\"async\" class=\"aligncenter size-full wp-image-5938\" src=\"http:\/\/www.kalu-bremen.de\/wordpress\/wp-content\/uploads\/2014\/02\/0670.jpg\" alt=\"0670\" width=\"850\" height=\"565\" \/><img loading=\"lazy\" decoding=\"async\" class=\"aligncenter size-full wp-image-5932\" src=\"http:\/\/www.kalu-bremen.de\/wordpress\/wp-content\/uploads\/2014\/02\/0003.jpg\" alt=\"0003\" width=\"850\" height=\"568\" \/><img loading=\"lazy\" decoding=\"async\" class=\"aligncenter size-full wp-image-5935\" src=\"http:\/\/www.kalu-bremen.de\/wordpress\/wp-content\/uploads\/2014\/02\/0382.jpg\" alt=\"0382\" width=\"850\" height=\"478\" \/><img loading=\"lazy\" decoding=\"async\" class=\"aligncenter size-full wp-image-5934\" src=\"http:\/\/www.kalu-bremen.de\/wordpress\/wp-content\/uploads\/2014\/02\/0109.jpg\" alt=\"0109\" width=\"850\" height=\"478\" \/><img loading=\"lazy\" decoding=\"async\" class=\"aligncenter size-full wp-image-5933\" src=\"http:\/\/www.kalu-bremen.de\/wordpress\/wp-content\/uploads\/2014\/02\/0059.jpg\" alt=\"0059\" width=\"850\" height=\"566\" \/><img loading=\"lazy\" decoding=\"async\" class=\"aligncenter size-full wp-image-5941\" src=\"http:\/\/www.kalu-bremen.de\/wordpress\/wp-content\/uploads\/2014\/02\/0823.jpg\" alt=\"0823\" width=\"850\" height=\"566\" \/><img loading=\"lazy\" decoding=\"async\" class=\"aligncenter size-full wp-image-5944\" src=\"http:\/\/www.kalu-bremen.de\/wordpress\/wp-content\/uploads\/2014\/02\/0953.jpg\" alt=\"0953\" width=\"850\" height=\"566\" \/><img loading=\"lazy\" decoding=\"async\" class=\"aligncenter size-full wp-image-5943\" src=\"http:\/\/www.kalu-bremen.de\/wordpress\/wp-content\/uploads\/2014\/02\/0839.jpg\" alt=\"0839\" width=\"566\" height=\"850\" srcset=\"https:\/\/www.kalu-bremen.de\/wordpress\/wp-content\/uploads\/2014\/02\/0839.jpg 566w, https:\/\/www.kalu-bremen.de\/wordpress\/wp-content\/uploads\/2014\/02\/0839-399x600.jpg 399w\" sizes=\"auto, (max-width: 566px) 100vw, 566px\" \/><img loading=\"lazy\" decoding=\"async\" class=\"aligncenter size-full wp-image-5942\" src=\"http:\/\/www.kalu-bremen.de\/wordpress\/wp-content\/uploads\/2014\/02\/0835.jpg\" alt=\"0835\" width=\"850\" height=\"566\" \/><img loading=\"lazy\" decoding=\"async\" class=\"aligncenter size-full wp-image-5939\" src=\"http:\/\/www.kalu-bremen.de\/wordpress\/wp-content\/uploads\/2014\/02\/0712.jpg\" alt=\"0712\" width=\"850\" height=\"478\" \/><img loading=\"lazy\" decoding=\"async\" class=\"aligncenter size-full wp-image-5937\" src=\"http:\/\/www.kalu-bremen.de\/wordpress\/wp-content\/uploads\/2014\/02\/0652.jpg\" alt=\"0652\" width=\"850\" height=\"566\" srcset=\"https:\/\/www.kalu-bremen.de\/wordpress\/wp-content\/uploads\/2014\/02\/0652.jpg 850w, https:\/\/www.kalu-bremen.de\/wordpress\/wp-content\/uploads\/2014\/02\/0652-212x141.jpg 212w\" sizes=\"auto, (max-width: 850px) 100vw, 850px\" \/><img loading=\"lazy\" decoding=\"async\" class=\"aligncenter size-full wp-image-5936\" src=\"http:\/\/www.kalu-bremen.de\/wordpress\/wp-content\/uploads\/2014\/02\/0411.jpg\" alt=\"0411\" width=\"850\" height=\"478\" \/><img loading=\"lazy\" decoding=\"async\" class=\"aligncenter size-full wp-image-5940\" src=\"http:\/\/www.kalu-bremen.de\/wordpress\/wp-content\/uploads\/2014\/02\/0752.jpg\" alt=\"0752\" width=\"850\" height=\"566\" \/><\/p>\n","protected":false},"excerpt":{"rendered":"<p>Eine gerne gew\u00e4hlte Alternative \u00a0zum Standesamt in Bremen-Mitte stellt das Hochtiedshuus auf dem L\u00fcr-Kropp-Hof in Bremen Oberneuland dar. In idyllischer Landschaft gelegen, bietet dieser ehemalige Bauernhof ausreichend Platz auch f\u00fcr gr\u00f6\u00dfere Gesellschaften zur Trauung oder anderen Feiern. Einer alten Tradition folgend, wird hier die Trauung mit einem Klaren besiegelt.\u00a0Der kleine angrenzende Park l\u00e4dt zum Sektempfang...<\/p>\n","protected":false},"author":1,"featured_media":0,"comment_status":"open","ping_status":"open","sticky":false,"template":"","format":"standard","meta":{"pp_embeds":"","footnotes":""},"categories":[44],"tags":[16,92,40,41,42,43],"class_list":["post-5931","post","type-post","status-publish","format-standard","hentry","category-hochzeitsfotos","tag-bremen","tag-hochzeitsfotos","tag-luer-kropp-hof","tag-meta-roediger-hochtiedshuus","tag-standesamt","tag-trauung"],"_links":{"self":[{"href":"https:\/\/www.kalu-bremen.de\/index.php?rest_route=\/wp\/v2\/posts\/5931","targetHints":{"allow":["GET"]}}],"collection":[{"href":"https:\/\/www.kalu-bremen.de\/index.php?rest_route=\/wp\/v2\/posts"}],"about":[{"href":"https:\/\/www.kalu-bremen.de\/index.php?rest_route=\/wp\/v2\/types\/post"}],"author":[{"embeddable":true,"href":"https:\/\/www.kalu-bremen.de\/index.php?rest_route=\/wp\/v2\/users\/1"}],"replies":[{"embeddable":true,"href":"https:\/\/www.kalu-bremen.de\/index.php?rest_route=%2Fwp%2Fv2%2Fcomments&post=5931"}],"version-history":[{"count":2,"href":"https:\/\/www.kalu-bremen.de\/index.php?rest_route=\/wp\/v2\/posts\/5931\/revisions"}],"predecessor-version":[{"id":12885,"href":"https:\/\/www.kalu-bremen.de\/index.php?rest_route=\/wp\/v2\/posts\/5931\/revisions\/12885"}],"wp:attachment":[{"href":"https:\/\/www.kalu-bremen.de\/index.php?rest_route=%2Fwp%2Fv2%2Fmedia&parent=5931"}],"wp:term":[{"taxonomy":"category","embeddable":true,"href":"https:\/\/www.kalu-bremen.de\/index.php?rest_route=%2Fwp%2Fv2%2Fcategories&post=5931"},{"taxonomy":"post_tag","embeddable":true,"href":"https:\/\/www.kalu-bremen.de\/index.php?rest_route=%2Fwp%2Fv2%2Ftags&post=5931"}],"curies":[{"name":"wp","href":"https:\/\/api.w.org\/{rel}","templated":true}]}}