{"id":6029,"date":"2014-04-09T11:08:20","date_gmt":"2014-04-09T09:08:20","guid":{"rendered":"http:\/\/www.kalu-bremen.de\/?p=6029"},"modified":"2015-07-29T13:45:49","modified_gmt":"2015-07-29T11:45:49","slug":"und-noch-mehr-bewerbungsfotos","status":"publish","type":"post","link":"https:\/\/www.kalu-bremen.de\/?p=6029","title":{"rendered":"Bewerbungsfotos f\u00fcr M\u00e4nner und Frauen"},"content":{"rendered":"<p>Businessportrais und Bewerbungsfotos in Bremen &#8211; im Studio oder drau\u00dfen!<\/p>\n<div id=\"attachment_6025\" style=\"width: 576px\" class=\"wp-caption aligncenter\"><img loading=\"lazy\" decoding=\"async\" aria-describedby=\"caption-attachment-6025\" class=\"size-full wp-image-6025\" src=\"http:\/\/www.kalu-bremen.de\/wordpress\/wp-content\/uploads\/2014\/04\/2KA2027.jpg\" alt=\"Bewerbungsfotos Bremen Businessportraits\" width=\"566\" height=\"850\" srcset=\"https:\/\/www.kalu-bremen.de\/wordpress\/wp-content\/uploads\/2014\/04\/2KA2027.jpg 566w, https:\/\/www.kalu-bremen.de\/wordpress\/wp-content\/uploads\/2014\/04\/2KA2027-399x600.jpg 399w\" sizes=\"auto, (max-width: 566px) 100vw, 566px\" \/><p id=\"caption-attachment-6025\" class=\"wp-caption-text\">Bewerbungsfotos Bremen<\/p><\/div>\n<div id=\"attachment_6024\" style=\"width: 576px\" class=\"wp-caption aligncenter\"><img loading=\"lazy\" decoding=\"async\" aria-describedby=\"caption-attachment-6024\" class=\"size-full wp-image-6024\" src=\"http:\/\/www.kalu-bremen.de\/wordpress\/wp-content\/uploads\/2014\/04\/2KA0457.jpg\" alt=\"Bewerbungsfotos Bremen Businessportraits\" width=\"566\" height=\"850\" srcset=\"https:\/\/www.kalu-bremen.de\/wordpress\/wp-content\/uploads\/2014\/04\/2KA0457.jpg 566w, https:\/\/www.kalu-bremen.de\/wordpress\/wp-content\/uploads\/2014\/04\/2KA0457-399x600.jpg 399w\" sizes=\"auto, (max-width: 566px) 100vw, 566px\" \/><p id=\"caption-attachment-6024\" class=\"wp-caption-text\">Bewerbungsfotos Bremen<\/p><\/div>\n","protected":false},"excerpt":{"rendered":"<p>Businessportrais und Bewerbungsfotos in Bremen &#8211; im Studio oder drau\u00dfen!<\/p>\n","protected":false},"author":1,"featured_media":0,"comment_status":"open","ping_status":"open","sticky":false,"template":"","format":"standard","meta":{"pp_embeds":"","footnotes":""},"categories":[46],"tags":[38,45],"class_list":["post-6029","post","type-post","status-publish","format-standard","hentry","category-bewerbungsfotos","tag-bewerbungsfotos-bremen","tag-bewerbungsfotos-maenner"],"_links":{"self":[{"href":"https:\/\/www.kalu-bremen.de\/index.php?rest_route=\/wp\/v2\/posts\/6029","targetHints":{"allow":["GET"]}}],"collection":[{"href":"https:\/\/www.kalu-bremen.de\/index.php?rest_route=\/wp\/v2\/posts"}],"about":[{"href":"https:\/\/www.kalu-bremen.de\/index.php?rest_route=\/wp\/v2\/types\/post"}],"author":[{"embeddable":true,"href":"https:\/\/www.kalu-bremen.de\/index.php?rest_route=\/wp\/v2\/users\/1"}],"replies":[{"embeddable":true,"href":"https:\/\/www.kalu-bremen.de\/index.php?rest_route=%2Fwp%2Fv2%2Fcomments&post=6029"}],"version-history":[{"count":3,"href":"https:\/\/www.kalu-bremen.de\/index.php?rest_route=\/wp\/v2\/posts\/6029\/revisions"}],"predecessor-version":[{"id":8953,"href":"https:\/\/www.kalu-bremen.de\/index.php?rest_route=\/wp\/v2\/posts\/6029\/revisions\/8953"}],"wp:attachment":[{"href":"https:\/\/www.kalu-bremen.de\/index.php?rest_route=%2Fwp%2Fv2%2Fmedia&parent=6029"}],"wp:term":[{"taxonomy":"category","embeddable":true,"href":"https:\/\/www.kalu-bremen.de\/index.php?rest_route=%2Fwp%2Fv2%2Fcategories&post=6029"},{"taxonomy":"post_tag","embeddable":true,"href":"https:\/\/www.kalu-bremen.de\/index.php?rest_route=%2Fwp%2Fv2%2Ftags&post=6029"}],"curies":[{"name":"wp","href":"https:\/\/api.w.org\/{rel}","templated":true}]}}